{"id":9297,"date":"2026-04-30T10:25:00","date_gmt":"2026-04-30T08:25:00","guid":{"rendered":"https:\/\/www.groupe-bils-deroo.com\/?p=9297"},"modified":"2026-04-30T10:27:31","modified_gmt":"2026-04-30T08:27:31","slug":"%e2%9a%96%ef%b8%8f-index-egalite-femmes-hommes-des-resultats-qui-nous-engagent-a-aller-plus-loin","status":"publish","type":"post","link":"https:\/\/www.groupe-bils-deroo.com\/en\/\u2696\ufe0f-index-egalite-femmes-hommes-des-resultats-qui-nous-engagent-a-aller-plus-loin\/","title":{"rendered":"\u2696\ufe0f Index \u00e9galit\u00e9 femmes-hommes : des r\u00e9sultats qui nous engagent \u00e0 aller plus loin"},"content":{"rendered":"<div data-elementor-type=\"wp-post\" data-elementor-id=\"9297\" class=\"elementor elementor-9297\" data-elementor-post-type=\"post\">\n\t\t\t\t<div class=\"elementor-element elementor-element-9f21e07 e-flex e-con-boxed e-con e-parent\" data-id=\"9f21e07\" data-element_type=\"container\" data-e-type=\"container\">\n\t\t\t\t\t<div class=\"e-con-inner\">\n\t\t\t\t<div class=\"elementor-element elementor-element-0980913 elementor-widget elementor-widget-text-editor\" data-id=\"0980913\" data-element_type=\"widget\" data-e-type=\"widget\" data-widget_type=\"text-editor.default\">\n\t\t\t\t<div class=\"elementor-widget-container\">\n\t\t\t\t\t\t\t\t\t<p><em>L&rsquo;index d&rsquo;\u00e9galit\u00e9 professionnelle, c&rsquo;est plus qu&rsquo;un indicateur r\u00e9glementaire : c&rsquo;est un reflet de notre culture. Cette ann\u00e9e, le Groupe obtient 95\/100. Retour sur ce que ce chiffre dit de nous \u2014 et sur ce qu&rsquo;il nous reste \u00e0 construire.<\/em><\/p>\t\t\t\t\t\t\t\t<\/div>\n\t\t\t\t<\/div>\n\t\t\t\t\t<\/div>\n\t\t\t\t<\/div>\n\t\t<div class=\"elementor-element elementor-element-61f7f1e e-flex e-con-boxed e-con e-parent\" data-id=\"61f7f1e\" data-element_type=\"container\" data-e-type=\"container\">\n\t\t\t\t\t<div class=\"e-con-inner\">\n\t\t<div class=\"elementor-element elementor-element-dacc868 e-con-full e-flex e-con e-child\" data-id=\"dacc868\" data-element_type=\"container\" data-e-type=\"container\">\n\t\t<div class=\"elementor-element elementor-element-a031d67 e-flex e-con-boxed e-con e-child\" data-id=\"a031d67\" data-element_type=\"container\" data-e-type=\"container\">\n\t\t\t\t\t<div class=\"e-con-inner\">\n\t\t\t\t<div class=\"elementor-element elementor-element-ad0efc7 elementor-widget elementor-widget-text-editor\" data-id=\"ad0efc7\" data-element_type=\"widget\" data-e-type=\"widget\" data-widget_type=\"text-editor.default\">\n\t\t\t\t<div class=\"elementor-widget-container\">\n\t\t\t\t\t\t\t\t\t<p>Chaque ann\u00e9e, les entreprises de plus de 50 salari\u00e9\u00b7es mesurent et publient leur index d&rsquo;\u00e9galit\u00e9 professionnelle. Un outil concret, not\u00e9 sur 100 points, qui \u00e9value cinq indicateurs cl\u00e9s : les \u00e9carts de r\u00e9mun\u00e9ration, les \u00e9carts d\u2019augmentations et de promotions, le taux de salari\u00e9\u00b7es augment\u00e9\u00b7es au retour d&rsquo;un cong\u00e9 maternit\u00e9, et la parit\u00e9 parmi les dix plus hautes r\u00e9mun\u00e9rations.<\/p><p>Ce n&rsquo;est pas qu&rsquo;un exercice de conformit\u00e9. C&rsquo;est un vrai miroir de notre culture d&rsquo;entreprise.<\/p><p>Cette ann\u00e9e, le Groupe Bils-Deroo obtient un score de 95\/100, contre 85\/100 en 2024. Dix points gagn\u00e9s en un an : une progression qui refl\u00e8te un travail de fond men\u00e9 par nos \u00e9quipes RH et l&rsquo;ensemble du management, avec une attention croissante port\u00e9e \u00e0 l&rsquo;\u00e9quit\u00e9 dans les d\u00e9cisions de r\u00e9mun\u00e9ration, d&rsquo;\u00e9volution et de reconnaissance professionnelle.<\/p>\t\t\t\t\t\t\t\t<\/div>\n\t\t\t\t<\/div>\n\t\t\t\t\t<\/div>\n\t\t\t\t<\/div>\n\t\t\t\t<\/div>\n\t\t\t\t\t<\/div>\n\t\t\t\t<\/div>\n\t\t<div class=\"elementor-element elementor-element-aae2ce8 e-flex e-con-boxed e-con e-parent\" data-id=\"aae2ce8\" data-element_type=\"container\" data-e-type=\"container\">\n\t\t\t\t\t<div class=\"e-con-inner\">\n\t\t<div class=\"elementor-element elementor-element-47cddc7 e-con-full e-flex e-con e-child\" data-id=\"47cddc7\" data-element_type=\"container\" data-e-type=\"container\">\n\t\t\t\t<div class=\"elementor-element elementor-element-9ba9b3b elementor-widget elementor-widget-text-editor\" data-id=\"9ba9b3b\" data-element_type=\"widget\" data-e-type=\"widget\" data-widget_type=\"text-editor.default\">\n\t\t\t\t<div class=\"elementor-widget-container\">\n\t\t\t\t\t\t\t\t\t<p>Sur la question de la repr\u00e9sentation au sein du Groupe Bils-Deroo, les femmes repr\u00e9sentent 26,1 % des effectifs en logistique et 12,73 % en transport en 2025.<\/p><p>Ces chiffres ne sont pas une fin en soi. Ils traduisent une tendance de fond : nos m\u00e9tiers s\u2019ouvrent, les repr\u00e9sentations \u00e9voluent, et nous accompagnons cette transformation dans la dur\u00e9e. Il reste du chemin, et nous le savons.<\/p><p>Ces r\u00e9sultats nous confortent dans notre direction \u2013 pas parce que nous y sommes contraint\u00b7es, mais parce que l\u2019\u00e9quit\u00e9 professionnelle est une conviction port\u00e9e au sein du Groupe.<\/p>\t\t\t\t\t\t\t\t<\/div>\n\t\t\t\t<\/div>\n\t\t\t\t<\/div>\n\t\t<div class=\"elementor-element elementor-element-df847a6 e-con-full e-flex e-con e-child\" data-id=\"df847a6\" data-element_type=\"container\" data-e-type=\"container\">\n\t\t\t\t<div class=\"elementor-element elementor-element-e970522 elementor-widget elementor-widget-image\" data-id=\"e970522\" data-element_type=\"widget\" data-e-type=\"widget\" data-widget_type=\"image.default\">\n\t\t\t\t<div class=\"elementor-widget-container\">\n\t\t\t\t\t\t\t\t\t\t\t\t\t\t\t<img decoding=\"async\" width=\"150\" height=\"150\" src=\"https:\/\/www.groupe-bils-deroo.com\/wp-content\/uploads\/2023\/08\/GRANDE-DISTRIBUTION-DISTRIBUTION-SPE-150x150.jpg\" class=\"attachment-thumbnail size-thumbnail wp-image-1863\" alt=\"Une femme qui porte un carton \u00e0 c\u00f4t\u00e9 d&#039;un chariot \u00e9l\u00e9vateur dans une all\u00e9e d&#039;un entrep\u00f4t de logistique\" \/>\t\t\t\t\t\t\t\t\t\t\t\t\t\t\t<\/div>\n\t\t\t\t<\/div>\n\t\t\t\t<\/div>\n\t\t\t\t\t<\/div>\n\t\t\t\t<\/div>\n\t\t\t\t<\/div>","protected":false},"excerpt":{"rendered":"<p>L&rsquo;index d&rsquo;\u00e9galit\u00e9 professionnelle, c&rsquo;est plus qu&rsquo;un indicateur r\u00e9glementaire : c&rsquo;est un reflet de notre culture. Cette ann\u00e9e, le Groupe obtient 95\/100. Retour sur ce que ce chiffre dit de nous \u2014 et sur ce qu&rsquo;il nous reste \u00e0 construire. Chaque ann\u00e9e, les entreprises de plus de 50 salari\u00e9\u00b7es mesurent et publient leur index d&rsquo;\u00e9galit\u00e9 professionnelle. [&hellip;]<\/p>\n","protected":false},"author":2,"featured_media":1834,"comment_status":"closed","ping_status":"closed","sticky":false,"template":"","format":"standard","meta":{"_acf_changed":false,"footnotes":""},"categories":[9,10],"tags":[],"article_highlight":[],"class_list":["post-9297","post","type-post","status-publish","format-standard","has-post-thumbnail","hentry","category-logistique","category-transport"],"acf":[],"_links":{"self":[{"href":"https:\/\/www.groupe-bils-deroo.com\/en\/wp-json\/wp\/v2\/posts\/9297","targetHints":{"allow":["GET"]}}],"collection":[{"href":"https:\/\/www.groupe-bils-deroo.com\/en\/wp-json\/wp\/v2\/posts"}],"about":[{"href":"https:\/\/www.groupe-bils-deroo.com\/en\/wp-json\/wp\/v2\/types\/post"}],"author":[{"embeddable":true,"href":"https:\/\/www.groupe-bils-deroo.com\/en\/wp-json\/wp\/v2\/users\/2"}],"replies":[{"embeddable":true,"href":"https:\/\/www.groupe-bils-deroo.com\/en\/wp-json\/wp\/v2\/comments?post=9297"}],"version-history":[{"count":4,"href":"https:\/\/www.groupe-bils-deroo.com\/en\/wp-json\/wp\/v2\/posts\/9297\/revisions"}],"predecessor-version":[{"id":9301,"href":"https:\/\/www.groupe-bils-deroo.com\/en\/wp-json\/wp\/v2\/posts\/9297\/revisions\/9301"}],"wp:featuredmedia":[{"embeddable":true,"href":"https:\/\/www.groupe-bils-deroo.com\/en\/wp-json\/wp\/v2\/media\/1834"}],"wp:attachment":[{"href":"https:\/\/www.groupe-bils-deroo.com\/en\/wp-json\/wp\/v2\/media?parent=9297"}],"wp:term":[{"taxonomy":"category","embeddable":true,"href":"https:\/\/www.groupe-bils-deroo.com\/en\/wp-json\/wp\/v2\/categories?post=9297"},{"taxonomy":"post_tag","embeddable":true,"href":"https:\/\/www.groupe-bils-deroo.com\/en\/wp-json\/wp\/v2\/tags?post=9297"},{"taxonomy":"article_highlight","embeddable":true,"href":"https:\/\/www.groupe-bils-deroo.com\/en\/wp-json\/wp\/v2\/article_highlight?post=9297"}],"curies":[{"name":"wp","href":"https:\/\/api.w.org\/{rel}","templated":true}]}}