{"id":7652,"date":"2025-09-10T16:04:21","date_gmt":"2025-09-10T14:04:21","guid":{"rendered":"https:\/\/www.groupe-bils-deroo.com\/?p=7652"},"modified":"2026-02-05T09:44:09","modified_gmt":"2026-02-05T08:44:09","slug":"une-nouvelle-liaison-ferroviaire","status":"publish","type":"post","link":"https:\/\/www.groupe-bils-deroo.com\/en\/une-nouvelle-liaison-ferroviaire\/","title":{"rendered":"Une nouvelle liaison ferroviaire"},"content":{"rendered":"<div data-elementor-type=\"wp-post\" data-elementor-id=\"7652\" class=\"elementor elementor-7652\" data-elementor-post-type=\"post\">\n\t\t\t\t<div class=\"elementor-element elementor-element-abd1730 e-flex e-con-boxed e-con e-parent\" data-id=\"abd1730\" data-element_type=\"container\" data-e-type=\"container\">\n\t\t\t\t\t<div class=\"e-con-inner\">\n\t\t\t\t<div class=\"elementor-element elementor-element-0b8ecf8 elementor-widget elementor-widget-heading\" data-id=\"0b8ecf8\" data-element_type=\"widget\" data-e-type=\"widget\" data-widget_type=\"heading.default\">\n\t\t\t\t<div class=\"elementor-widget-container\">\n\t\t\t\t\t<h2 class=\"elementor-heading-title elementor-size-default\">\ud83c\udf3f <b><i>liaison ferroviaire Lille \u2194 Arles pour <\/i><\/b><b><i>renforcer le maillage durable du Groupe<\/i><\/b><\/h2>\t\t\t\t<\/div>\n\t\t\t\t<\/div>\n\t\t\t\t\t<\/div>\n\t\t\t\t<\/div>\n\t\t<div class=\"elementor-element elementor-element-9f21e07 e-flex e-con-boxed e-con e-parent\" data-id=\"9f21e07\" data-element_type=\"container\" data-e-type=\"container\">\n\t\t\t\t\t<div class=\"e-con-inner\">\n\t\t\t\t<div class=\"elementor-element elementor-element-0980913 elementor-widget elementor-widget-text-editor\" data-id=\"0980913\" data-element_type=\"widget\" data-e-type=\"widget\" data-widget_type=\"text-editor.default\">\n\t\t\t\t<div class=\"elementor-widget-container\">\n\t\t\t\t\t\t\t\t\tLe Groupe\nrenforce son maillage multimodal avec une nouvelle ligne rail-route entre le\nPort de Lille et Arles. Objectif : optimiser les flux entre le Nord et le Sud\nde la France, tout en r\u00e9duisant l\u2019impact environnemental du transport longue\ndistance.\u00a0<\/span><\/i><\/p>\t\t\t\t\t\t\t\t<\/div>\n\t\t\t\t<\/div>\n\t\t\t\t\t<\/div>\n\t\t\t\t<\/div>\n\t\t<div class=\"elementor-element elementor-element-0f8708b e-flex e-con-boxed e-con e-parent\" data-id=\"0f8708b\" data-element_type=\"container\" data-e-type=\"container\">\n\t\t\t\t\t<div class=\"e-con-inner\">\n\t\t\t\t<div class=\"elementor-element elementor-element-28fccdf elementor-widget elementor-widget-text-editor\" data-id=\"28fccdf\" data-element_type=\"widget\" data-e-type=\"widget\" data-widget_type=\"text-editor.default\">\n\t\t\t\t<div class=\"elementor-widget-container\">\n\t\t\t\t\t\t\t\t\t<p class=\"MsoNormal\">Apr\u00e8s le lancement r\u00e9ussi de la ligne Dourges 4 \u2194 Avignon en 2018, le Groupe Bils-Deroo poursuit le d\u00e9veloppement de son r\u00e9seau ferroviaire avec l\u2019ouverture d\u2019une nouvelle liaison rail-route entre le Port de Lille et Arles.<\/p><p class=\"MsoNormal\">Cette seconde ligne confirme notre strat\u00e9gie multimodale : proposer des solutions logistiques efficaces et \u00e0 faible impact environnemental pour connecter le Nord et le Sud de la France autrement.<\/p><p class=\"MsoNormal\">Pourquoi c\u2019est structurant ?<\/p><ul style=\"margin-top: 0cm;\" type=\"disc\"><li class=\"MsoNormal\">Une r\u00e9duction significative de l\u2019empreinte carbone sur les longues distances<\/li><li class=\"MsoNormal\">Une optimisation des flux et un meilleur \u00e9quilibre entre les modes de transport<\/li><li class=\"MsoNormal\">Une r\u00e9ponse concr\u00e8te aux enjeux environnementaux et r\u00e9glementaires de notre secteur<\/li><\/ul><div>\u00a0<\/div><p class=\"MsoNormal\">En pratique :<\/p><ul style=\"margin-top: 0cm;\" type=\"disc\"><li class=\"MsoNormal\">D\u00e9parts r\u00e9guliers depuis le terminal ferroviaire du Port de Lille<\/li><li class=\"MsoNormal\">Arriv\u00e9es \u00e0 Arles, l\u2019un des points n\u00e9vralgiques de notre r\u00e9seau sud<\/li><li class=\"MsoNormal\">Des volumes stabilis\u00e9s et optimis\u00e9s chaque semaine pour fluidifier les flux et d\u00e9sengorger les axes routiers<\/li><\/ul><div>\u00a0<\/div><p class=\"MsoNormal\">Cette ligne vient ainsi compl\u00e9ter un dispositif national performant au service de nos clients industriels et distributeurs, tout en s\u2019inscrivant dans une d\u00e9marche de logistique durable, responsable et comp\u00e9titive.<\/p>\t\t\t\t\t\t\t\t<\/div>\n\t\t\t\t<\/div>\n\t\t\t\t\t<\/div>\n\t\t\t\t<\/div>\n\t\t\t\t<\/div>","protected":false},"excerpt":{"rendered":"<p>\ud83c\udf3f liaison ferroviaire Lille \u2194 Arles pour renforcer le maillage durable du Groupe Le Groupe renforce son maillage multimodal avec une nouvelle ligne rail-route entre le Port de Lille et Arles. Objectif : optimiser les flux entre le Nord et le Sud de la France, tout en r\u00e9duisant l\u2019impact environnemental du transport longue distance.\u00a0 Apr\u00e8s [&hellip;]<\/p>\n","protected":false},"author":2,"featured_media":4923,"comment_status":"closed","ping_status":"closed","sticky":false,"template":"","format":"standard","meta":{"_acf_changed":false,"footnotes":""},"categories":[10],"tags":[],"article_highlight":[19],"class_list":["post-7652","post","type-post","status-publish","format-standard","has-post-thumbnail","hentry","category-transport","article_highlight-recommandations"],"acf":[],"_links":{"self":[{"href":"https:\/\/www.groupe-bils-deroo.com\/en\/wp-json\/wp\/v2\/posts\/7652","targetHints":{"allow":["GET"]}}],"collection":[{"href":"https:\/\/www.groupe-bils-deroo.com\/en\/wp-json\/wp\/v2\/posts"}],"about":[{"href":"https:\/\/www.groupe-bils-deroo.com\/en\/wp-json\/wp\/v2\/types\/post"}],"author":[{"embeddable":true,"href":"https:\/\/www.groupe-bils-deroo.com\/en\/wp-json\/wp\/v2\/users\/2"}],"replies":[{"embeddable":true,"href":"https:\/\/www.groupe-bils-deroo.com\/en\/wp-json\/wp\/v2\/comments?post=7652"}],"version-history":[{"count":4,"href":"https:\/\/www.groupe-bils-deroo.com\/en\/wp-json\/wp\/v2\/posts\/7652\/revisions"}],"predecessor-version":[{"id":7656,"href":"https:\/\/www.groupe-bils-deroo.com\/en\/wp-json\/wp\/v2\/posts\/7652\/revisions\/7656"}],"wp:featuredmedia":[{"embeddable":true,"href":"https:\/\/www.groupe-bils-deroo.com\/en\/wp-json\/wp\/v2\/media\/4923"}],"wp:attachment":[{"href":"https:\/\/www.groupe-bils-deroo.com\/en\/wp-json\/wp\/v2\/media?parent=7652"}],"wp:term":[{"taxonomy":"category","embeddable":true,"href":"https:\/\/www.groupe-bils-deroo.com\/en\/wp-json\/wp\/v2\/categories?post=7652"},{"taxonomy":"post_tag","embeddable":true,"href":"https:\/\/www.groupe-bils-deroo.com\/en\/wp-json\/wp\/v2\/tags?post=7652"},{"taxonomy":"article_highlight","embeddable":true,"href":"https:\/\/www.groupe-bils-deroo.com\/en\/wp-json\/wp\/v2\/article_highlight?post=7652"}],"curies":[{"name":"wp","href":"https:\/\/api.w.org\/{rel}","templated":true}]}}