{"id":7641,"date":"2025-09-10T16:03:57","date_gmt":"2025-09-10T14:03:57","guid":{"rendered":"https:\/\/www.groupe-bils-deroo.com\/?p=7641"},"modified":"2026-02-05T09:44:02","modified_gmt":"2026-02-05T08:44:02","slug":"bienvenue-a-notre-nouveau-client-sweeek","status":"publish","type":"post","link":"https:\/\/www.groupe-bils-deroo.com\/en\/bienvenue-a-notre-nouveau-client-sweeek\/","title":{"rendered":"Bienvenue \u00e0 notre nouveau client sweeek."},"content":{"rendered":"<div data-elementor-type=\"wp-post\" data-elementor-id=\"7641\" class=\"elementor elementor-7641\" data-elementor-post-type=\"post\">\n\t\t\t\t<div class=\"elementor-element elementor-element-abd1730 e-flex e-con-boxed e-con e-parent\" data-id=\"abd1730\" data-element_type=\"container\" data-e-type=\"container\">\n\t\t\t\t\t<div class=\"e-con-inner\">\n\t\t\t\t<div class=\"elementor-element elementor-element-0b8ecf8 elementor-widget elementor-widget-heading\" data-id=\"0b8ecf8\" data-element_type=\"widget\" data-e-type=\"widget\" data-widget_type=\"heading.default\">\n\t\t\t\t<div class=\"elementor-widget-container\">\n\t\t\t\t\t<h2 class=\"elementor-heading-title elementor-size-default\"><p><b><i>Un nouveau partenariat structurant : Bils-Deroo\naccompagne sweeek dans sa croissance<\/i><\/b><\/p>\n\n<\/h2>\t\t\t\t<\/div>\n\t\t\t\t<\/div>\n\t\t\t\t\t<\/div>\n\t\t\t\t<\/div>\n\t\t<div class=\"elementor-element elementor-element-9f21e07 e-flex e-con-boxed e-con e-parent\" data-id=\"9f21e07\" data-element_type=\"container\" data-e-type=\"container\">\n\t\t\t\t\t<div class=\"e-con-inner\">\n\t\t\t\t<div class=\"elementor-element elementor-element-0980913 elementor-widget elementor-widget-text-editor\" data-id=\"0980913\" data-element_type=\"widget\" data-e-type=\"widget\" data-widget_type=\"text-editor.default\">\n\t\t\t\t<div class=\"elementor-widget-container\">\n\t\t\t\t\t\t\t\t\t<p class=\"MsoNormal\"><i><span style=\"font-size: 10.0pt; line-height: 107%;\">Le Groupe Bils-Deroo accompagne sweeek, acteur e-commerce en plein essor, dans une nouvelle phase de d\u00e9veloppement. D\u00e8s octobre, nos \u00e9quipes assureront la gestion de ce flux logistiques sur l\u2019un de nos site de Dourges pour soutenir une activit\u00e9 en croissance. Une collaboration strat\u00e9gique qui illustre notre capacit\u00e9 \u00e0 construire des solutions sur mesure et \u00e0 accompagner durablement la croissance de nos clients.<\/span><\/i><\/p>\t\t\t\t\t\t\t\t<\/div>\n\t\t\t\t<\/div>\n\t\t\t\t\t<\/div>\n\t\t\t\t<\/div>\n\t\t<div class=\"elementor-element elementor-element-61f7f1e e-flex e-con-boxed e-con e-parent\" data-id=\"61f7f1e\" data-element_type=\"container\" data-e-type=\"container\">\n\t\t\t\t\t<div class=\"e-con-inner\">\n\t\t<div class=\"elementor-element elementor-element-fb92d84 e-con-full e-flex e-con e-child\" data-id=\"fb92d84\" data-element_type=\"container\" data-e-type=\"container\">\n\t\t\t\t<div class=\"elementor-element elementor-element-d719360 elementor-widget elementor-widget-image\" data-id=\"d719360\" data-element_type=\"widget\" data-e-type=\"widget\" data-widget_type=\"image.default\">\n\t\t\t\t<div class=\"elementor-widget-container\">\n\t\t\t\t\t\t\t\t\t\t\t\t\t\t\t<img fetchpriority=\"high\" decoding=\"async\" width=\"768\" height=\"740\" src=\"https:\/\/www.groupe-bils-deroo.com\/wp-content\/uploads\/2025\/09\/IMG_2401-e1756718633941-768x740.jpeg\" class=\"attachment-medium_large size-medium_large wp-image-7658\" alt=\"\" srcset=\"https:\/\/www.groupe-bils-deroo.com\/wp-content\/uploads\/2025\/09\/IMG_2401-e1756718633941-768x740.jpeg 768w, https:\/\/www.groupe-bils-deroo.com\/wp-content\/uploads\/2025\/09\/IMG_2401-e1756718633941-300x289.jpeg 300w, https:\/\/www.groupe-bils-deroo.com\/wp-content\/uploads\/2025\/09\/IMG_2401-e1756718633941-1024x987.jpeg 1024w, https:\/\/www.groupe-bils-deroo.com\/wp-content\/uploads\/2025\/09\/IMG_2401-e1756718633941-12x12.jpeg 12w, https:\/\/www.groupe-bils-deroo.com\/wp-content\/uploads\/2025\/09\/IMG_2401-e1756718633941.jpeg 1440w\" sizes=\"(max-width: 768px) 100vw, 768px\" \/>\t\t\t\t\t\t\t\t\t\t\t\t\t\t\t<\/div>\n\t\t\t\t<\/div>\n\t\t\t\t<\/div>\n\t\t<div class=\"elementor-element elementor-element-dacc868 e-con-full e-flex e-con e-child\" data-id=\"dacc868\" data-element_type=\"container\" data-e-type=\"container\">\n\t\t<div class=\"elementor-element elementor-element-4546a0c e-flex e-con-boxed e-con e-child\" data-id=\"4546a0c\" data-element_type=\"container\" data-e-type=\"container\">\n\t\t\t\t\t<div class=\"e-con-inner\">\n\t\t\t\t<div class=\"elementor-element elementor-element-48fe57a elementor-widget elementor-widget-text-editor\" data-id=\"48fe57a\" data-element_type=\"widget\" data-e-type=\"widget\" data-widget_type=\"text-editor.default\">\n\t\t\t\t<div class=\"elementor-widget-container\">\n\t\t\t\t\t\t\t\t\t<p class=\"MsoNormal\">Nous sommes fiers d\u2019annoncer <a name=\"_Hlk204588818\"><\/a>que le Groupe Bils-Deroo, \u00e0 travers sa filiale logistique, accompagnera sweeek dans une nouvelle \u00e9tape de son d\u00e9veloppement. Anciennement connue sous le nom d\u2019Alice\u2019s Garden, l\u2019entreprise est sp\u00e9cialis\u00e9e dans la vente en ligne de mobilier int\u00e9rieur et ext\u00e9rieur, avec une ambition claire : acc\u00e9l\u00e9rer sa croissance sur les prochaines ann\u00e9es.<\/p>\t\t\t\t\t\t\t\t<\/div>\n\t\t\t\t<\/div>\n\t\t\t\t\t<\/div>\n\t\t\t\t<\/div>\n\t\t<div class=\"elementor-element elementor-element-a031d67 e-flex e-con-boxed e-con e-child\" data-id=\"a031d67\" data-element_type=\"container\" data-e-type=\"container\">\n\t\t\t\t\t<div class=\"e-con-inner\">\n\t\t\t\t<div class=\"elementor-element elementor-element-ad0efc7 elementor-widget elementor-widget-text-editor\" data-id=\"ad0efc7\" data-element_type=\"widget\" data-e-type=\"widget\" data-widget_type=\"text-editor.default\">\n\t\t\t\t<div class=\"elementor-widget-container\">\n\t\t\t\t\t\t\t\t\t<p class=\"MsoNormal\">D\u00e8s le mois d\u2019octobre, nos \u00e9quipes assureront la gestion d\u2019une partie des flux e-commerce de sweeek depuis notre site de Dourges (62), un entrep\u00f4t de 114 000 m\u00b2 et 150 collaborateurs, avec un dispositif sur mesure, pens\u00e9 pour soutenir une activit\u00e9 qui monte en puissance, notamment avec l\u2019ouverture de leur premier magasin en physique dans les Hauts-de-France depuis cet \u00e9t\u00e9.\u00a0\u00a0<\/p>\t\t\t\t\t\t\t\t<\/div>\n\t\t\t\t<\/div>\n\t\t\t\t\t<\/div>\n\t\t\t\t<\/div>\n\t\t\t\t<\/div>\n\t\t\t\t\t<\/div>\n\t\t\t\t<\/div>\n\t\t<div class=\"elementor-element elementor-element-aae2ce8 e-flex e-con-boxed e-con e-parent\" data-id=\"aae2ce8\" data-element_type=\"container\" data-e-type=\"container\">\n\t\t\t\t\t<div class=\"e-con-inner\">\n\t\t<div class=\"elementor-element elementor-element-47cddc7 e-con-full e-flex e-con e-child\" data-id=\"47cddc7\" data-element_type=\"container\" data-e-type=\"container\">\n\t\t\t\t<div class=\"elementor-element elementor-element-9ba9b3b elementor-widget elementor-widget-text-editor\" data-id=\"9ba9b3b\" data-element_type=\"widget\" data-e-type=\"widget\" data-widget_type=\"text-editor.default\">\n\t\t\t\t<div class=\"elementor-widget-container\">\n\t\t\t\t\t\t\t\t\t<p class=\"MsoNormal\">Ce partenariat incarne pleinement notre engagement \u00e0 :<\/p><ul style=\"margin-top: 0cm;\" type=\"disc\"><li class=\"MsoNormal\">accompagner des acteurs e-commerce dynamiques,<\/li><li class=\"MsoNormal\">proposer des solutions logistiques sur mesure, robustes et \u00e9volutives,<\/li><li class=\"MsoNormal\">\u00eatre un v\u00e9ritable partenaire de croissance sur le long terme.<\/li><\/ul><p>\u00a0<\/p><p class=\"MsoNormal\">Merci \u00e0 sweeek pour sa confiance, et bravo aux \u00e9quipes commerciales, techniques et op\u00e9rationnelles mobilis\u00e9es.<br \/>Une belle aventure logistique d\u00e9bute \u2014 et nous sommes fiers d\u2019en \u00eatre un moteur.<\/p>\t\t\t\t\t\t\t\t<\/div>\n\t\t\t\t<\/div>\n\t\t\t\t<\/div>\n\t\t<div class=\"elementor-element elementor-element-df847a6 e-con-full e-flex e-con e-child\" data-id=\"df847a6\" data-element_type=\"container\" data-e-type=\"container\">\n\t\t\t\t<div class=\"elementor-element elementor-element-e970522 elementor-widget elementor-widget-image\" data-id=\"e970522\" data-element_type=\"widget\" data-e-type=\"widget\" data-widget_type=\"image.default\">\n\t\t\t\t<div class=\"elementor-widget-container\">\n\t\t\t\t\t\t\t\t\t\t\t\t\t\t\t<img decoding=\"async\" width=\"356\" height=\"141\" src=\"https:\/\/www.groupe-bils-deroo.com\/wp-content\/uploads\/2025\/09\/Logo-sweeek.png\" class=\"attachment-large size-large wp-image-7657\" alt=\"\" srcset=\"https:\/\/www.groupe-bils-deroo.com\/wp-content\/uploads\/2025\/09\/Logo-sweeek.png 356w, https:\/\/www.groupe-bils-deroo.com\/wp-content\/uploads\/2025\/09\/Logo-sweeek-300x119.png 300w, https:\/\/www.groupe-bils-deroo.com\/wp-content\/uploads\/2025\/09\/Logo-sweeek-18x7.png 18w\" sizes=\"(max-width: 356px) 100vw, 356px\" \/>\t\t\t\t\t\t\t\t\t\t\t\t\t\t\t<\/div>\n\t\t\t\t<\/div>\n\t\t\t\t<\/div>\n\t\t\t\t\t<\/div>\n\t\t\t\t<\/div>\n\t\t\t\t<\/div>","protected":false},"excerpt":{"rendered":"<p>Un nouveau partenariat structurant : Bils-Deroo accompagne sweeek dans sa croissance Le Groupe Bils-Deroo accompagne sweeek, acteur e-commerce en plein essor, dans une nouvelle phase de d\u00e9veloppement. D\u00e8s octobre, nos \u00e9quipes assureront la gestion de ce flux logistiques sur l\u2019un de nos site de Dourges pour soutenir une activit\u00e9 en croissance. Une collaboration strat\u00e9gique qui [&hellip;]<\/p>\n","protected":false},"author":2,"featured_media":6779,"comment_status":"closed","ping_status":"closed","sticky":false,"template":"","format":"standard","meta":{"_acf_changed":false,"footnotes":""},"categories":[9],"tags":[],"article_highlight":[19],"class_list":["post-7641","post","type-post","status-publish","format-standard","has-post-thumbnail","hentry","category-logistique","article_highlight-recommandations"],"acf":[],"_links":{"self":[{"href":"https:\/\/www.groupe-bils-deroo.com\/en\/wp-json\/wp\/v2\/posts\/7641","targetHints":{"allow":["GET"]}}],"collection":[{"href":"https:\/\/www.groupe-bils-deroo.com\/en\/wp-json\/wp\/v2\/posts"}],"about":[{"href":"https:\/\/www.groupe-bils-deroo.com\/en\/wp-json\/wp\/v2\/types\/post"}],"author":[{"embeddable":true,"href":"https:\/\/www.groupe-bils-deroo.com\/en\/wp-json\/wp\/v2\/users\/2"}],"replies":[{"embeddable":true,"href":"https:\/\/www.groupe-bils-deroo.com\/en\/wp-json\/wp\/v2\/comments?post=7641"}],"version-history":[{"count":8,"href":"https:\/\/www.groupe-bils-deroo.com\/en\/wp-json\/wp\/v2\/posts\/7641\/revisions"}],"predecessor-version":[{"id":7661,"href":"https:\/\/www.groupe-bils-deroo.com\/en\/wp-json\/wp\/v2\/posts\/7641\/revisions\/7661"}],"wp:featuredmedia":[{"embeddable":true,"href":"https:\/\/www.groupe-bils-deroo.com\/en\/wp-json\/wp\/v2\/media\/6779"}],"wp:attachment":[{"href":"https:\/\/www.groupe-bils-deroo.com\/en\/wp-json\/wp\/v2\/media?parent=7641"}],"wp:term":[{"taxonomy":"category","embeddable":true,"href":"https:\/\/www.groupe-bils-deroo.com\/en\/wp-json\/wp\/v2\/categories?post=7641"},{"taxonomy":"post_tag","embeddable":true,"href":"https:\/\/www.groupe-bils-deroo.com\/en\/wp-json\/wp\/v2\/tags?post=7641"},{"taxonomy":"article_highlight","embeddable":true,"href":"https:\/\/www.groupe-bils-deroo.com\/en\/wp-json\/wp\/v2\/article_highlight?post=7641"}],"curies":[{"name":"wp","href":"https:\/\/api.w.org\/{rel}","templated":true}]}}